{"id":312,"date":"2023-11-30T23:00:45","date_gmt":"2023-12-01T06:00:45","guid":{"rendered":"https:\/\/crossroadsband.org\/?p=312"},"modified":"2025-04-05T23:34:30","modified_gmt":"2025-04-06T06:34:30","slug":"second-hawaii-diaspora-camp","status":"publish","type":"post","link":"https:\/\/crossroadsband.org\/hu\/2023\/11\/30\/second-hawaii-diaspora-camp\/","title":{"rendered":"II. Hawaii Diaszp\u00f3ra T\u00e1bor"},"content":{"rendered":"<h3>\ud83c\udfd5\ufe0f M\u00e1sodik Hawaii Diaszp\u00f3ra T\u00e1bor (2023)<\/h3>\n<p>A m\u00e1sodik Hawaii Diaszp\u00f3ra T\u00e1bort 2023. november 22. \u00e9s 26. k\u00f6z\u00f6tt rendezt\u00e9k meg O\u2018ahu \u00e9szaki partj\u00e1n, a Camp Mokule\u02bbia ter\u00fclet\u00e9n. A r\u00e9sztvev\u0151k Hawaii k\u00fcl\u00f6nb\u00f6z\u0151 szigeteir\u0151l, Kaliforni\u00e1b\u00f3l \u00e9s Washington D.C.-b\u0151l \u00e9rkeztek, hogy \u00fajra tal\u00e1lkozzanak r\u00e9gi bar\u00e1tokkal \u00e9s \u00faj ismerets\u00e9geket k\u00f6ssenek. A t\u00e1bort T\u00f6rteli \u00c1gi \u00e9s testv\u00e9re, T\u00f6rteli Helga vezett\u00e9k, biztos\u00edtva a programok g\u00f6rd\u00fcl\u00e9keny lebonyol\u00edt\u00e1s\u00e1t \u00e9s a r\u00e9sztvev\u0151k akt\u00edv bevon\u00e1s\u00e1t.<\/p>\n<p>Attila \u00e9s V\u00e1ncza Be\u00e1ta k\u00f6z\u00f6sen tartottak ukulele foglalkoz\u00e1sokat gyerekeknek \u00e9s feln\u0151tteknek egyar\u00e1nt, lehet\u0151s\u00e9get adva a r\u00e9sztvev\u0151knek, hogy gyorsan elsaj\u00e1t\u00edts\u00e1k magyar gyerekdalok \u00e9s n\u00e9pdalok penget\u00e9s\u00e9t \u00e9s \u00e9nekl\u00e9s\u00e9t. Be\u00e1ta vezette a reggeli torn\u00e1kat is, amelyekkel energikusan ind\u00edtott\u00e1k a napot. Est\u00e9nk\u00e9nt Attila \u00e9s Be\u00e1ta k\u00f6z\u00f6s t\u00e1bort\u0171z melletti \u00e9nekl\u00e9seket szerveztek, meleg \u00e9s \u00f6sszetart\u00f3 l\u00e9gk\u00f6rt teremtve.<\/p>\n<p><strong>N\u00e9pt\u00e1ncfoglalkoz\u00e1sokat<\/strong> is tartottak gyerekeknek \u00e9s feln\u0151tteknek egyar\u00e1nt, amelyeken megismerkedtek a magyar t\u00e1nckult\u00far\u00e1val. A t\u00e1bor v\u00e9g\u00e9n a gyerekek \u00e9s feln\u0151ttek is k\u00f6z\u00f6s m\u0171sorban mutatt\u00e1k be, mit tanultak a h\u00e9t sor\u00e1n \u2013 \u00e9nekekkel \u00e9s t\u00e1ncokkal z\u00e1rt\u00e1k a hetet.<\/p>\n<p>A program r\u00e9sze volt egy <strong>zenei t\u00e9m\u00e1j\u00fa kv\u00edz<\/strong> is, amely pop- \u00e9s rockzenei tud\u00e1st, valamint hall\u00e1s ut\u00e1ni felismer\u00e9st ig\u00e9nyl\u0151 feladatokat is tartalmazott \u2013 sok nevet\u00e9ssel \u00e9s izgalommal f\u0171szerezve.<\/p>\n<p>A t\u00e1bor vas\u00e1rnap este egy k\u00fcl\u00f6nleges Crossroads Band koncerttel z\u00e1rult a Kapi\u02bbolani Parkban. Figyelemre m\u00e9lt\u00f3, hogy az \u00f6sszes felszerel\u00e9s\u2014bele\u00e9rtve a git\u00e1reffekteket, kever\u0151t \u00e9s hangsz\u00f3r\u00f3kat\u2014is akkumul\u00e1torokr\u00f3l m\u0171k\u00f6d\u00f6tt, bizony\u00edtva a csapat alkalmazkod\u00f3k\u00e9pess\u00e9g\u00e9t. A koncert n\u00e9z\u0151ihez csatlakozott egy 20\u201325 f\u0151s magyar turista csoport, tov\u00e1bb fokozva az \u00fcnnepi hangulatot.<\/p>\n<p><br \/>\n<ul class=\"display-posts-listing\"><li class=\"listing-item\"><a class=\"title\" href=\"https:\/\/crossroadsband.org\/hu\/2025\/12\/15\/hawaii-diaspora-camp-4\/\">Hawaii Diaspora Camp 4<\/a><\/li><li class=\"listing-item\"><a class=\"title\" href=\"https:\/\/crossroadsband.org\/hu\/2024\/12\/03\/third-hawaii-diaspora-camp\/\">III. Hawaii Diaszp\u00f3ra T\u00e1bor<\/a><\/li><li class=\"listing-item\"><a class=\"title\" href=\"https:\/\/crossroadsband.org\/hu\/2023\/11\/30\/second-hawaii-diaspora-camp\/\">II. Hawaii Diaszp\u00f3ra T\u00e1bor<\/a><\/li><li class=\"listing-item\"><a class=\"title\" href=\"https:\/\/crossroadsband.org\/hu\/2023\/11\/26\/concert-in-honolulu-hawaii\/\">Koncert Honoluluban, Hawaii-on<\/a><\/li><li class=\"listing-item\"><a class=\"title\" href=\"https:\/\/crossroadsband.org\/hu\/2022\/11\/30\/first-hawaii-diaspora-camp\/\">I. Hawaii Diaszp\u00f3ra T\u00e1bor<\/a><\/li><\/ul><\/p>","protected":false},"excerpt":{"rendered":"<p>A m\u00e1sodik t\u00e1bor zenei \u00e9s kultur\u00e1lis \u00e9lm\u00e9nyeit b\u0151v\u00edtette: Attila \u00e9s Be\u00e1ta k\u00f6z\u00f6sen tartottak ukulele \u00e9s t\u00e1nc\u00f3r\u00e1kat, Be\u00e1ta vezette a reggeli torn\u00e1kat, \u00e9s egy zenei t\u00e9m\u00e1j\u00fa kv\u00edz is helyet kapott a programban. A h\u00e9t egy k\u00fcl\u00f6nleges Crossroads Band koncerttel z\u00e1rult a Kapi\u02bbolani Parkban, ahov\u00e1 egy magyar turistacsoport is becsatlakozott!<\/p>","protected":false},"author":1,"featured_media":357,"comment_status":"closed","ping_status":"closed","sticky":false,"template":"","format":"standard","meta":{"footnotes":""},"categories":[22],"tags":[16,9,15,26,28,23,20],"class_list":["post-312","post","type-post","status-publish","format-standard","has-post-thumbnail","hentry","category-hawaii-diaspora-camp","tag-balog-beata","tag-concert","tag-egyedi-attila","tag-folk-dance","tag-guitar","tag-hawaii","tag-ukulele"],"_links":{"self":[{"href":"https:\/\/crossroadsband.org\/hu\/wp-json\/wp\/v2\/posts\/312","targetHints":{"allow":["GET"]}}],"collection":[{"href":"https:\/\/crossroadsband.org\/hu\/wp-json\/wp\/v2\/posts"}],"about":[{"href":"https:\/\/crossroadsband.org\/hu\/wp-json\/wp\/v2\/types\/post"}],"author":[{"embeddable":true,"href":"https:\/\/crossroadsband.org\/hu\/wp-json\/wp\/v2\/users\/1"}],"replies":[{"embeddable":true,"href":"https:\/\/crossroadsband.org\/hu\/wp-json\/wp\/v2\/comments?post=312"}],"version-history":[{"count":13,"href":"https:\/\/crossroadsband.org\/hu\/wp-json\/wp\/v2\/posts\/312\/revisions"}],"predecessor-version":[{"id":412,"href":"https:\/\/crossroadsband.org\/hu\/wp-json\/wp\/v2\/posts\/312\/revisions\/412"}],"wp:featuredmedia":[{"embeddable":true,"href":"https:\/\/crossroadsband.org\/hu\/wp-json\/wp\/v2\/media\/357"}],"wp:attachment":[{"href":"https:\/\/crossroadsband.org\/hu\/wp-json\/wp\/v2\/media?parent=312"}],"wp:term":[{"taxonomy":"category","embeddable":true,"href":"https:\/\/crossroadsband.org\/hu\/wp-json\/wp\/v2\/categories?post=312"},{"taxonomy":"post_tag","embeddable":true,"href":"https:\/\/crossroadsband.org\/hu\/wp-json\/wp\/v2\/tags?post=312"}],"curies":[{"name":"wp","href":"https:\/\/api.w.org\/{rel}","templated":true}]}}