{"id":505,"date":"2024-10-19T23:59:47","date_gmt":"2024-10-20T06:59:47","guid":{"rendered":"https:\/\/crossroadsband.org\/?p=505"},"modified":"2025-11-21T23:58:03","modified_gmt":"2025-11-22T06:58:03","slug":"hcc-inauguration","status":"publish","type":"post","link":"https:\/\/crossroadsband.org\/hu\/2024\/10\/19\/hcc-inauguration\/","title":{"rendered":"Magyar Kultur\u00e1lis K\u00f6zpont avat\u00e1s"},"content":{"rendered":"<\/p>\n<h3>\ud83c\udded\ud83c\uddfa Magyar Kultur\u00e1lis K\u00f6zpont avat\u00e1sa \u00e9s okt\u00f3ber 23-i \u00fcnneps\u00e9g (2024. okt\u00f3ber 19.)<\/h3>\n<p>2024. okt\u00f3ber 19-\u00e9n ker\u00fclt sor a San Francisco-i \u00d6b\u00f6l k\u00f6rny\u00e9ki Magyar Kultur\u00e1lis K\u00f6zpont avat\u00e1s\u00e1ra, egybek\u00f6tve az 1956-os magyar forradalom \u00e9s szabads\u00e1gharc eml\u00e9km\u0171sor\u00e1val. Az esem\u00e9nyen Egyedi Attila, a Crossroads Band SF tagja adta el\u0151 a Napoleon Boulevard \u201eEur\u00f3pa visszav\u00e1r\u201d c\u00edm\u0171 dal\u00e1t, ezzel hozz\u00e1j\u00e1rulva a nap zenei programj\u00e1hoz.<\/p>\n<p>Az Eszterl\u00e1nc Magyar N\u00e9pi Egy\u00fcttes h\u00e9t p\u00e1r k\u00f6zrem\u0171k\u00f6d\u00e9s\u00e9vel adott el\u0151 lend\u00fcletes r\u00e1bak\u00f6zi t\u00e1ncokat, amelyet Dajka Ilka \u00e9s Bolgovics Gerg\u0151 d\u00e9l-alf\u00f6ldi t\u00e1ncbemutat\u00f3ja k\u00f6vetett. A megeml\u00e9kez\u00e9s tov\u00e1bbi r\u00e9sztvev\u0151i versekkel, pr\u00f3zai el\u0151ad\u00e1sokkal \u00e9s \u00e9nekkel gazdag\u00edtott\u00e1k a programot, k\u00f6z\u00f6sen teremtve eml\u00e9kezetes k\u00f6z\u00f6ss\u00e9gi \u00e9lm\u00e9nyt \u00e9s tisztelegve a magyar kultur\u00e1lis \u00f6r\u00f6ks\u00e9g el\u0151tt.<br \/>","protected":false},"excerpt":{"rendered":"<p>Egyedi Attila (Crossroads Band SF) az Eszterl\u00e1nc Egy\u00fcttessel \u00e9s a k\u00f6z\u00f6ss\u00e9g tagjaival egy\u00fctt \u00fcnnepelte a Magyar Kultur\u00e1lis K\u00f6zpont avat\u00e1s\u00e1t 2024. okt\u00f3ber 19-\u00e9n, megeml\u00e9kezve okt\u00f3ber 23-\u00e1r\u00f3l is.<\/p>","protected":false},"author":1,"featured_media":507,"comment_status":"closed","ping_status":"closed","sticky":false,"template":"","format":"standard","meta":{"footnotes":""},"categories":[8,50],"tags":[15,56,21,75],"class_list":["post-505","post","type-post","status-publish","format-standard","has-post-thumbnail","hentry","category-event","category-national-holiday","tag-egyedi-attila","tag-eszterlanc-hungarian-folk-ensemble","tag-hcc","tag-newark"],"_links":{"self":[{"href":"https:\/\/crossroadsband.org\/hu\/wp-json\/wp\/v2\/posts\/505","targetHints":{"allow":["GET"]}}],"collection":[{"href":"https:\/\/crossroadsband.org\/hu\/wp-json\/wp\/v2\/posts"}],"about":[{"href":"https:\/\/crossroadsband.org\/hu\/wp-json\/wp\/v2\/types\/post"}],"author":[{"embeddable":true,"href":"https:\/\/crossroadsband.org\/hu\/wp-json\/wp\/v2\/users\/1"}],"replies":[{"embeddable":true,"href":"https:\/\/crossroadsband.org\/hu\/wp-json\/wp\/v2\/comments?post=505"}],"version-history":[{"count":5,"href":"https:\/\/crossroadsband.org\/hu\/wp-json\/wp\/v2\/posts\/505\/revisions"}],"predecessor-version":[{"id":511,"href":"https:\/\/crossroadsband.org\/hu\/wp-json\/wp\/v2\/posts\/505\/revisions\/511"}],"wp:featuredmedia":[{"embeddable":true,"href":"https:\/\/crossroadsband.org\/hu\/wp-json\/wp\/v2\/media\/507"}],"wp:attachment":[{"href":"https:\/\/crossroadsband.org\/hu\/wp-json\/wp\/v2\/media?parent=505"}],"wp:term":[{"taxonomy":"category","embeddable":true,"href":"https:\/\/crossroadsband.org\/hu\/wp-json\/wp\/v2\/categories?post=505"},{"taxonomy":"post_tag","embeddable":true,"href":"https:\/\/crossroadsband.org\/hu\/wp-json\/wp\/v2\/tags?post=505"}],"curies":[{"name":"wp","href":"https:\/\/api.w.org\/{rel}","templated":true}]}}