{"id":684,"date":"2026-01-13T15:36:36","date_gmt":"2026-01-13T22:36:36","guid":{"rendered":"https:\/\/crossroadsband.org\/?p=684"},"modified":"2026-01-22T16:30:10","modified_gmt":"2026-01-22T23:30:10","slug":"crossroads-eclectic-concert","status":"publish","type":"post","link":"https:\/\/crossroadsband.org\/hu\/2026\/01\/13\/crossroads-eclectic-concert\/","title":{"rendered":"Crossroads Eclectic Concert"},"content":{"rendered":"<\/p>\n<h3>Crossroads Eclectic Koncert<\/h3>\n<p>A Crossroads Band \u00e9s bar\u00e1tai szeretettel megh\u00edvnak a Crossroads Eclectic Koncertre.<br \/>\nEklektikus a zenei m\u0171fajok miatt.<br \/>\nEklektikus a szem\u00e9lyis\u00e9geink miatt.<br \/>\nEklektikus az \u00e9rtelmez\u00e9sek miatt.<br \/>\nEklektikus miattad.<\/p>\n<p>Magyar nyelv\u0171 koncerttel k\u00e9sz\u00fcl\u00fcnk folk-pop, pop-rock \u00e9s funk hangz\u00e1ssal, ezt pedig egy r\u00f6vid retro buli k\u00f6veti!<\/p>\n<p>El\u0151zenekar:<br \/>\nKennedy Middle School Jazz Band, Balogh Endre vezet\u00e9s\u00e9vel<\/p>\n<p>A zen\u00e9szek:<br \/>\n&#8211; Balog Be\u00e1ta &#8211; \u00e9nek<br \/>\n&#8211; Egyedi Attila &#8211; \u00e9nek, git\u00e1r<br \/>\n&#8211; Szab\u00f3 Gerg\u0151 &#8211; basszusgit\u00e1r<br \/>\n&#8211; Szab\u00f3 Marcell &#8211; br\u00e1csa<br \/>\n&#8211; Balogh Endre &#8211; t\u00e1rogat\u00f3, fuvola, szaxofon<br \/>\n&#8211; Bolgovics Gerg\u0151 &#8211; kanna, dob, ritmus, sz\u00e1jb\u0151g\u0151<\/p>\n<p>Mikor: 2026. janu\u00e1r 24., szombat, 7 pm<br \/>\nHol: Magyar Kultur\u00e1lis K\u00f6zpont, 35660 Cedar Blvd, Newark, CA 94560<\/p>\n<p>A helysz\u00ednen \u00e9telt, italt lehet v\u00e1s\u00e1rolni.<\/p>\n<p>Bel\u00e9p\u0151:<br \/>\nFeln\u0151tt: $20<br \/>\nDi\u00e1k (7-17): $10<br \/>\n\n<p><a href=\"https:\/\/crossroadsband.org\/wp-content\/uploads\/2026\/01\/Crossroads-Eclectic-Concert-flyer-11x17-v2.png\"><img fetchpriority=\"high\" decoding=\"async\" class=\"aligncenter wp-image-693 size-large\" src=\"https:\/\/crossroadsband.org\/wp-content\/uploads\/2026\/01\/Crossroads-Eclectic-Concert-flyer-11x17-v2-663x1024.png\" alt=\"\" width=\"640\" height=\"988\" srcset=\"https:\/\/crossroadsband.org\/wp-content\/uploads\/2026\/01\/Crossroads-Eclectic-Concert-flyer-11x17-v2-663x1024.png 663w, https:\/\/crossroadsband.org\/wp-content\/uploads\/2026\/01\/Crossroads-Eclectic-Concert-flyer-11x17-v2-194x300.png 194w, https:\/\/crossroadsband.org\/wp-content\/uploads\/2026\/01\/Crossroads-Eclectic-Concert-flyer-11x17-v2-768x1187.png 768w, https:\/\/crossroadsband.org\/wp-content\/uploads\/2026\/01\/Crossroads-Eclectic-Concert-flyer-11x17-v2-994x1536.png 994w, https:\/\/crossroadsband.org\/wp-content\/uploads\/2026\/01\/Crossroads-Eclectic-Concert-flyer-11x17-v2-1325x2048.png 1325w, https:\/\/crossroadsband.org\/wp-content\/uploads\/2026\/01\/Crossroads-Eclectic-Concert-flyer-11x17-v2-8x12.png 8w, https:\/\/crossroadsband.org\/wp-content\/uploads\/2026\/01\/Crossroads-Eclectic-Concert-flyer-11x17-v2-300x464.png 300w, https:\/\/crossroadsband.org\/wp-content\/uploads\/2026\/01\/Crossroads-Eclectic-Concert-flyer-11x17-v2-850x1314.png 850w, https:\/\/crossroadsband.org\/wp-content\/uploads\/2026\/01\/Crossroads-Eclectic-Concert-flyer-11x17-v2.png 1456w\" sizes=\"(max-width: 640px) 100vw, 640px\" \/><\/a><\/p>","protected":false},"excerpt":{"rendered":"<p>A Crossroads Band \u00e9s bar\u00e1tai szeretettel megh\u00edvnak a Crossroads Eclectic Koncertre.<br \/>\nEklektikus a zenei m\u0171fajok miatt.<br \/>\nEklektikus a szem\u00e9lyis\u00e9geink miatt.<br \/>\nEklektikus az \u00e9rtelmez\u00e9sek miatt.<br \/>\nEklektikus miattad.<\/p>","protected":false},"author":2,"featured_media":694,"comment_status":"closed","ping_status":"closed","sticky":false,"template":"","format":"standard","meta":{"footnotes":""},"categories":[7,8],"tags":[16,12,14,9,15,21,93,75,13,85],"class_list":["post-684","post","type-post","status-publish","format-standard","has-post-thumbnail","hentry","category-concert","category-event","tag-balog-beata","tag-balogh-endre","tag-bolgovics-gergo","tag-concert","tag-egyedi-attila","tag-hcc","tag-koncert","tag-newark","tag-szabo-gergo","tag-szabo-marci"],"_links":{"self":[{"href":"https:\/\/crossroadsband.org\/hu\/wp-json\/wp\/v2\/posts\/684","targetHints":{"allow":["GET"]}}],"collection":[{"href":"https:\/\/crossroadsband.org\/hu\/wp-json\/wp\/v2\/posts"}],"about":[{"href":"https:\/\/crossroadsband.org\/hu\/wp-json\/wp\/v2\/types\/post"}],"author":[{"embeddable":true,"href":"https:\/\/crossroadsband.org\/hu\/wp-json\/wp\/v2\/users\/2"}],"replies":[{"embeddable":true,"href":"https:\/\/crossroadsband.org\/hu\/wp-json\/wp\/v2\/comments?post=684"}],"version-history":[{"count":7,"href":"https:\/\/crossroadsband.org\/hu\/wp-json\/wp\/v2\/posts\/684\/revisions"}],"predecessor-version":[{"id":700,"href":"https:\/\/crossroadsband.org\/hu\/wp-json\/wp\/v2\/posts\/684\/revisions\/700"}],"wp:featuredmedia":[{"embeddable":true,"href":"https:\/\/crossroadsband.org\/hu\/wp-json\/wp\/v2\/media\/694"}],"wp:attachment":[{"href":"https:\/\/crossroadsband.org\/hu\/wp-json\/wp\/v2\/media?parent=684"}],"wp:term":[{"taxonomy":"category","embeddable":true,"href":"https:\/\/crossroadsband.org\/hu\/wp-json\/wp\/v2\/categories?post=684"},{"taxonomy":"post_tag","embeddable":true,"href":"https:\/\/crossroadsband.org\/hu\/wp-json\/wp\/v2\/tags?post=684"}],"curies":[{"name":"wp","href":"https:\/\/api.w.org\/{rel}","templated":true}]}}